	


{"id":896,"date":"2022-05-16T16:14:45","date_gmt":"2022-05-16T16:14:45","guid":{"rendered":"http:\/\/www.tarsashazszakerto.hu\/?p=896"},"modified":"2022-06-28T16:27:19","modified_gmt":"2022-06-28T16:27:19","slug":"lakasvasarlas-nullas-igazolassal","status":"publish","type":"post","link":"https:\/\/tarsashazszakerto.hu\/?p=896","title":{"rendered":"Lak\u00e1sv\u00e1s\u00e1rl\u00e1s null\u00e1s igazol\u00e1ssal"},"content":{"rendered":"\t\t<div data-elementor-type=\"wp-post\" data-elementor-id=\"896\" class=\"elementor elementor-896\" data-elementor-post-type=\"post\">\n\t\t\t\t\t\t<section class=\"elementor-section elementor-top-section elementor-element elementor-element-5b1124d elementor-section-boxed elementor-section-height-default elementor-section-height-default\" data-id=\"5b1124d\" data-element_type=\"section\">\n\t\t\t\t\t\t<div class=\"elementor-container elementor-column-gap-default\">\n\t\t\t\t\t<div class=\"elementor-column elementor-col-100 elementor-top-column elementor-element elementor-element-f5cbaed\" data-id=\"f5cbaed\" data-element_type=\"column\">\n\t\t\t<div class=\"elementor-widget-wrap elementor-element-populated\">\n\t\t\t\t\t\t<div class=\"elementor-element elementor-element-2a87487 elementor-widget elementor-widget-text-editor\" data-id=\"2a87487\" data-element_type=\"widget\" data-widget_type=\"text-editor.default\">\n\t\t\t\t<div class=\"elementor-widget-container\">\n\t\t\t\t\t\t\t\t\t<p><span style=\"font-weight: 400;\">Lak\u00e1sv\u00e1s\u00e1rl\u00e1s el\u0151tt a legt\u00f6bben csak a leend\u0151 \u00faj otthonuk param\u00e9tereit \u00e9s annak k\u00f6zvetlen k\u00f6rnyezet\u00e9t m\u00e9rik fel. Sokan elmulasztj\u00e1k k\u00e9rni a null\u00e1s igazol\u00e1st, pedig ennek megl\u00e9te a garancia a k\u00e9s\u0151bbi f\u00e1jdalmas kiad\u00e1sok elker\u00fcl\u00e9s\u00e9re.<\/span><\/p>\n<p><span style=\"font-weight: 400;\">Mi az a null\u00e1s igazol\u00e1s, \u00e9s mi\u00e9rt fontos, hogy lak\u00e1sv\u00e1s\u00e1rl\u00e1s el\u0151tt \u00d6n is k\u00e9rje? Tudja meg itt.&gt;&gt;&gt;<\/span><\/p>\t\t\t\t\t\t\t\t<\/div>\n\t\t\t\t<\/div>\n\t\t\t\t\t<\/div>\n\t\t<\/div>\n\t\t\t\t\t<\/div>\n\t\t<\/section>\n\t\t\t\t<section class=\"elementor-section elementor-top-section elementor-element elementor-element-0940038 elementor-section-boxed elementor-section-height-default elementor-section-height-default\" data-id=\"0940038\" data-element_type=\"section\">\n\t\t\t\t\t\t<div class=\"elementor-container elementor-column-gap-default\">\n\t\t\t\t\t<div class=\"elementor-column elementor-col-100 elementor-top-column elementor-element elementor-element-6a2c1e9\" data-id=\"6a2c1e9\" data-element_type=\"column\">\n\t\t\t<div class=\"elementor-widget-wrap elementor-element-populated\">\n\t\t\t\t\t\t<div class=\"elementor-element elementor-element-15fa9ad elementor-widget elementor-widget-heading\" data-id=\"15fa9ad\" data-element_type=\"widget\" data-widget_type=\"heading.default\">\n\t\t\t\t<div class=\"elementor-widget-container\">\n\t\t\t\t\t<h2 class=\"elementor-heading-title elementor-size-default\">Lak\u00e1sv\u00e1s\u00e1rl\u00e1s null\u00e1s igazol\u00e1ssal vagy an\u00e9lk\u00fcl<\/h2>\t\t\t\t<\/div>\n\t\t\t\t<\/div>\n\t\t\t\t\t<\/div>\n\t\t<\/div>\n\t\t\t\t\t<\/div>\n\t\t<\/section>\n\t\t\t\t<section class=\"elementor-section elementor-top-section elementor-element elementor-element-9dd6eff elementor-section-boxed elementor-section-height-default elementor-section-height-default\" data-id=\"9dd6eff\" data-element_type=\"section\">\n\t\t\t\t\t\t<div class=\"elementor-container elementor-column-gap-default\">\n\t\t\t\t\t<div class=\"elementor-column elementor-col-100 elementor-top-column elementor-element elementor-element-279bbda\" data-id=\"279bbda\" data-element_type=\"column\">\n\t\t\t<div class=\"elementor-widget-wrap elementor-element-populated\">\n\t\t\t\t\t\t<div class=\"elementor-element elementor-element-54f6022 elementor-widget elementor-widget-text-editor\" data-id=\"54f6022\" data-element_type=\"widget\" data-widget_type=\"text-editor.default\">\n\t\t\t\t<div class=\"elementor-widget-container\">\n\t\t\t\t\t\t\t\t\t<p><span style=\"font-weight: 400;\">A lak\u00e1sv\u00e1s\u00e1rl\u00e1s sor\u00e1n sz\u00e1mos buktat\u00f3 mer\u00fclhet fel. Az egyik ilyen, ha az el\u0151z\u0151 tulajdonos tetemes tartoz\u00e1st halmozott fel, \u00e9s ez <\/span><b>nem der\u00fclt ki<\/b><span style=\"font-weight: 400;\"> az ad\u00e1sv\u00e9teli szerz\u0151d\u00e9s megk\u00f6t\u00e9se el\u0151tt.<\/span><\/p>\n<p><span style=\"font-weight: 400;\">Ilyen esetben ugyanis k\u00f6nnyen el\u0151fordulhat, hogy<\/span><b> az \u00faj tulajdonosnak kell felelnie<\/b><span style=\"font-weight: 400;\"> a tartoz\u00e1s\u00e9rt.<\/span><\/p>\n<p><span style=\"font-weight: 400;\">Az\u00e9rt \u00edrtam felt\u00e9teles m\u00f3dban, mert jelenleg elt\u00e9r\u00e9sek vannak a vonatkoz\u00f3 jogszab\u00e1lyokban, \u00e9s a b\u00edr\u00f3s\u00e1gi gyakorlatban is. Teh\u00e1t <\/span><b>nem biztos<\/b><span style=\"font-weight: 400;\">, hogy \u00d6nnek mint vev\u0151nek viselnie kell a kor\u00e1bbi tulajdonoshoz f\u0171z\u0151d\u0151 tartoz\u00e1st, de <\/span><b>megvan r\u00e1 az es\u00e9ly<\/b><span style=\"font-weight: 400;\">.<\/span><\/p>\n<p><span style=\"font-weight: 400;\">K\u00fcl\u00f6n\u00f6sen akkor, ha az <\/span><b>SZMSZ-ben <\/b><span style=\"font-weight: 400;\">van olyan kit\u00e9tel, miszerint az \u00faj tulajdonosnak kell kifizetnie a kor\u00e1bban felhalmozott tartoz\u00e1st. Az ad\u00e1sv\u00e9teli szerz\u0151d\u00e9s megk\u00f6t\u00e9s\u00e9vel ugyanis az \u00faj tulajdonos az SZMSZ-t is <\/span><b>automatikusan elfogadja<\/b><span style=\"font-weight: 400;\">, teh\u00e1t a tartoz\u00e1s kiegyenl\u00edt\u00e9s\u00e9re is k\u00f6telezetts\u00e9get v\u00e1llal.\u00a0<\/span><\/p>\n<p><span style=\"font-weight: 400;\">Ha teh\u00e1t \u00d6n \u00fagy v\u00e1s\u00e1rol meg egy lak\u00e1st, hogy nem k\u00e9r null\u00e1s igazol\u00e1st, nagy r\u00e1 az es\u00e9ly, hogy a t\u00e1rsash\u00e1z <\/span><b>jogosan k\u00f6vetelheti<\/b><span style=\"font-weight: 400;\"> az el\u0151z\u0151 tulajdonos \u00e1ltal felhalmozott tartoz\u00e1st. Nincs ez m\u00e1sk\u00e9pp az egyes k\u00f6z\u00fczemi szolg\u00e1ltat\u00f3kkal sem, ami igen f\u00e1jdalmas felismer\u00e9s lehet egy elhamarkodott lak\u00e1sv\u00e1s\u00e1rl\u00e1s ut\u00e1n.<\/span><\/p>\t\t\t\t\t\t\t\t<\/div>\n\t\t\t\t<\/div>\n\t\t\t\t\t<\/div>\n\t\t<\/div>\n\t\t\t\t\t<\/div>\n\t\t<\/section>\n\t\t\t\t<section class=\"elementor-section elementor-top-section elementor-element elementor-element-8012a1f elementor-section-boxed elementor-section-height-default elementor-section-height-default\" data-id=\"8012a1f\" data-element_type=\"section\">\n\t\t\t\t\t\t<div class=\"elementor-container elementor-column-gap-default\">\n\t\t\t\t\t<div class=\"elementor-column elementor-col-100 elementor-top-column elementor-element elementor-element-5c0d976\" data-id=\"5c0d976\" data-element_type=\"column\">\n\t\t\t<div class=\"elementor-widget-wrap elementor-element-populated\">\n\t\t\t\t\t\t<div class=\"elementor-element elementor-element-d295ea4 elementor-widget elementor-widget-image\" data-id=\"d295ea4\" data-element_type=\"widget\" data-widget_type=\"image.default\">\n\t\t\t\t<div class=\"elementor-widget-container\">\n\t\t\t\t\t\t\t\t\t\t\t\t\t\t\t<img fetchpriority=\"high\" decoding=\"async\" width=\"1024\" height=\"683\" src=\"https:\/\/tarsashazszakerto.hu\/wp-content\/uploads\/2022\/06\/iStock-1320950776-1024x683.jpg\" class=\"attachment-large size-large wp-image-903\" alt=\"lakasvasarlas\" srcset=\"https:\/\/tarsashazszakerto.hu\/wp-content\/uploads\/2022\/06\/iStock-1320950776-1024x683.jpg 1024w, https:\/\/tarsashazszakerto.hu\/wp-content\/uploads\/2022\/06\/iStock-1320950776-300x200.jpg 300w, https:\/\/tarsashazszakerto.hu\/wp-content\/uploads\/2022\/06\/iStock-1320950776-768x513.jpg 768w, https:\/\/tarsashazszakerto.hu\/wp-content\/uploads\/2022\/06\/iStock-1320950776.jpg 1254w\" sizes=\"(max-width: 1024px) 100vw, 1024px\" \/>\t\t\t\t\t\t\t\t\t\t\t\t\t\t\t<\/div>\n\t\t\t\t<\/div>\n\t\t\t\t\t<\/div>\n\t\t<\/div>\n\t\t\t\t\t<\/div>\n\t\t<\/section>\n\t\t\t\t<section class=\"elementor-section elementor-top-section elementor-element elementor-element-abc9102 elementor-section-boxed elementor-section-height-default elementor-section-height-default\" data-id=\"abc9102\" data-element_type=\"section\">\n\t\t\t\t\t\t<div class=\"elementor-container elementor-column-gap-default\">\n\t\t\t\t\t<div class=\"elementor-column elementor-col-100 elementor-top-column elementor-element elementor-element-653981d\" data-id=\"653981d\" data-element_type=\"column\">\n\t\t\t<div class=\"elementor-widget-wrap elementor-element-populated\">\n\t\t\t\t\t\t<div class=\"elementor-element elementor-element-513c61b elementor-widget elementor-widget-heading\" data-id=\"513c61b\" data-element_type=\"widget\" data-widget_type=\"heading.default\">\n\t\t\t\t<div class=\"elementor-widget-container\">\n\t\t\t\t\t<h2 class=\"elementor-heading-title elementor-size-default\">Mit mond a t\u00e1rsash\u00e1zi t\u00f6rv\u00e9ny?<\/h2>\t\t\t\t<\/div>\n\t\t\t\t<\/div>\n\t\t\t\t\t<\/div>\n\t\t<\/div>\n\t\t\t\t\t<\/div>\n\t\t<\/section>\n\t\t\t\t<section class=\"elementor-section elementor-top-section elementor-element elementor-element-0772d79 elementor-section-boxed elementor-section-height-default elementor-section-height-default\" data-id=\"0772d79\" data-element_type=\"section\">\n\t\t\t\t\t\t<div class=\"elementor-container elementor-column-gap-default\">\n\t\t\t\t\t<div class=\"elementor-column elementor-col-100 elementor-top-column elementor-element elementor-element-b6adafa\" data-id=\"b6adafa\" data-element_type=\"column\">\n\t\t\t<div class=\"elementor-widget-wrap elementor-element-populated\">\n\t\t\t\t\t\t<div class=\"elementor-element elementor-element-f5eaefa elementor-widget elementor-widget-text-editor\" data-id=\"f5eaefa\" data-element_type=\"widget\" data-widget_type=\"text-editor.default\">\n\t\t\t\t<div class=\"elementor-widget-container\">\n\t\t\t\t\t\t\t\t\t<p><span style=\"font-weight: 400;\">A t\u00e1rsash\u00e1zi t\u00f6rv\u00e9ny jelenleg <\/span><b>nem \u00edrja el\u0151<\/b><span style=\"font-weight: 400;\"> k\u00f6telez\u0151 \u00e9rv\u00e9ny\u0171en a null\u00e1s igazol\u00e1s megl\u00e9t\u00e9t ingatlan ad\u00e1sv\u00e9tel sor\u00e1n, hab\u00e1r k\u00e9ts\u00e9gtelen, hogy ez jelent\u0151sen <\/span><b>megk\u00f6nny\u00edten\u00e9<\/b><span style=\"font-weight: 400;\"> az ilyen \u00fcgyek gyors \u00e9s hat\u00e9kony rendez\u00e9s\u00e9t.\u00a0<\/span><\/p>\n<p><span style=\"font-weight: 400;\">A null\u00e1s igazol\u00e1s igazolja, hogy az elad\u00f3 <\/span><b>nem halmozott fel k\u00f6z\u00f6sk\u00f6lts\u00e9g-tartoz\u00e1st<\/b><span style=\"font-weight: 400;\">. Ugyanezt \u00e9rdemes k\u00e9rni a k\u00f6z\u00fczemi szolg\u00e1ltat\u00f3kt\u00f3l is.<\/span><\/p>\t\t\t\t\t\t\t\t<\/div>\n\t\t\t\t<\/div>\n\t\t\t\t\t<\/div>\n\t\t<\/div>\n\t\t\t\t\t<\/div>\n\t\t<\/section>\n\t\t\t\t<section class=\"elementor-section elementor-top-section elementor-element elementor-element-4047712 elementor-section-boxed elementor-section-height-default elementor-section-height-default\" data-id=\"4047712\" data-element_type=\"section\">\n\t\t\t\t\t\t<div class=\"elementor-container elementor-column-gap-default\">\n\t\t\t\t\t<div class=\"elementor-column elementor-col-100 elementor-top-column elementor-element elementor-element-774ac98\" data-id=\"774ac98\" data-element_type=\"column\">\n\t\t\t<div class=\"elementor-widget-wrap elementor-element-populated\">\n\t\t\t\t\t\t<div class=\"elementor-element elementor-element-f63436a elementor-widget elementor-widget-heading\" data-id=\"f63436a\" data-element_type=\"widget\" data-widget_type=\"heading.default\">\n\t\t\t\t<div class=\"elementor-widget-container\">\n\t\t\t\t\t<h2 class=\"elementor-heading-title elementor-size-default\">Mit tehet akkor, ha az \u00d6n \u00e1ltal megv\u00e1s\u00e1rolni k\u00edv\u00e1nt \u00e1lomlak\u00e1st k\u00f6z\u00f6sk\u00f6lts\u00e9g- vagy k\u00f6z\u00fczemid\u00edj-tartoz\u00e1s terheli?<\/h2>\t\t\t\t<\/div>\n\t\t\t\t<\/div>\n\t\t\t\t\t<\/div>\n\t\t<\/div>\n\t\t\t\t\t<\/div>\n\t\t<\/section>\n\t\t\t\t<section class=\"elementor-section elementor-top-section elementor-element elementor-element-6684436 elementor-section-boxed elementor-section-height-default elementor-section-height-default\" data-id=\"6684436\" data-element_type=\"section\">\n\t\t\t\t\t\t<div class=\"elementor-container elementor-column-gap-default\">\n\t\t\t\t\t<div class=\"elementor-column elementor-col-100 elementor-top-column elementor-element elementor-element-0b84333\" data-id=\"0b84333\" data-element_type=\"column\">\n\t\t\t<div class=\"elementor-widget-wrap elementor-element-populated\">\n\t\t\t\t\t\t<div class=\"elementor-element elementor-element-5fbe4a5 elementor-widget elementor-widget-text-editor\" data-id=\"5fbe4a5\" data-element_type=\"widget\" data-widget_type=\"text-editor.default\">\n\t\t\t\t<div class=\"elementor-widget-container\">\n\t\t\t\t\t\t\t\t\t<p><span style=\"font-weight: 400;\">Akkor sem kell megrettenie, ha olyan ingatlan megv\u00e1s\u00e1rl\u00e1s\u00e1t fontolgatja, amelyen k\u00f6z\u00f6sk\u00f6lts\u00e9g- vagy k\u00f6z\u00fczemid\u00edj-tartoz\u00e1s van. Erre is <\/span><b>van megold\u00e1s<\/b><span style=\"font-weight: 400;\">.\u00a0<\/span><\/p>\n<p><span style=\"font-weight: 400;\">Aj\u00e1nlott a <\/span><b>szerz\u0151d\u00e9sben r\u00f6gz\u00edteni<\/b><span style=\"font-weight: 400;\">, hogy a v\u00e9tel\u00e1r el\u0151legb\u0151l mekkora \u00f6sszeget kell az elad\u00f3nak a tartoz\u00e1sok kiegyenl\u00edt\u00e9s\u00e9re ford\u00edtania. Ez a kit\u00e9tel ugyanis <\/span><b>k\u00f6telezi az elad\u00f3t<\/b><span style=\"font-weight: 400;\"> arra, hogy rendezze a tartoz\u00e1st, \u00d6nt pedig megv\u00e9di az esetleges k\u00f6vetel\u00e9si ig\u00e9nyekt\u0151l.<\/span><\/p>\n<p><span style=\"font-weight: 400;\">A tartoz\u00e1sok rendez\u00e9s\u00e9nek igazol\u00e1sa ut\u00e1n a k\u00f6zm\u0171vekn\u00e9l a m\u00e9r\u0151\u00f3r\u00e1k \u00e1t\u00edr\u00e1s\u00e1hoz sz\u00fcks\u00e9ges nyomtatv\u00e1nyokat is ki kell t\u00f6lten\u00fcnk \u00e9s al\u00e1 kell \u00edratni az elad\u00f3val, mert a szolg\u00e1ltat\u00f3 csak ennek beny\u00fajt\u00e1sa ut\u00e1n fogja \u00e1t\u00edrni nev\u00fcnkre a szolg\u00e1ltat\u00e1st.\u00a0<\/span><\/p>\n<p><span style=\"font-weight: 400;\">Ez mindk\u00e9t f\u00e9l k\u00f6z\u00f6s \u00e9rdeke.<\/span><\/p>\n<p><span style=\"font-weight: 400;\">Lak\u00e1sv\u00e1s\u00e1rl\u00e1s el\u0151tt \u00e1ll, \u00e9s szeretn\u00e9 elker\u00fclni a buktat\u00f3kat? <a href=\"http:\/\/www.tarsashazszakerto.hu\/ingatlan-adasvetel-workshop\/\"><span style=\"color: #993300;\"><strong>\u00cdme a megold\u00e1s.&gt;&gt;&gt;<\/strong><\/span><\/a><\/span><\/p>\t\t\t\t\t\t\t\t<\/div>\n\t\t\t\t<\/div>\n\t\t\t\t\t<\/div>\n\t\t<\/div>\n\t\t\t\t\t<\/div>\n\t\t<\/section>\n\t\t\t\t<\/div>\n\t\t","protected":false},"excerpt":{"rendered":"<p>Lak\u00e1sv\u00e1s\u00e1rl\u00e1s el\u0151tt a legt\u00f6bben csak a leend\u0151 \u00faj otthonuk param\u00e9tereit \u00e9s annak k\u00f6zvetlen k\u00f6rnyezet\u00e9t m\u00e9rik fel. Sokan elmulasztj\u00e1k k\u00e9rni a null\u00e1s igazol\u00e1st, pedig ennek megl\u00e9te a garancia a k\u00e9s\u0151bbi f\u00e1jdalmas kiad\u00e1sok elker\u00fcl\u00e9s\u00e9re. Mi az a null\u00e1s igazol\u00e1s, \u00e9s mi\u00e9rt fontos, hogy lak\u00e1sv\u00e1s\u00e1rl\u00e1s el\u0151tt \u00d6n is k\u00e9rje? Tudja meg itt.&gt;&gt;&gt; Lak\u00e1sv\u00e1s\u00e1rl\u00e1s null\u00e1s igazol\u00e1ssal vagy an\u00e9lk\u00fcl A [&hellip;]<\/p>\n","protected":false},"author":2,"featured_media":864,"comment_status":"closed","ping_status":"closed","sticky":false,"template":"","format":"standard","meta":{"footnotes":""},"categories":[15],"tags":[13],"class_list":["post-896","post","type-post","status-publish","format-standard","has-post-thumbnail","hentry","category-ingatlanvasarlasi-buktatok","tag-lakasvasarlas","entry","has-media"],"yoast_head":"<!-- This site is optimized with the Yoast SEO plugin v25.9 - https:\/\/yoast.com\/wordpress\/plugins\/seo\/ -->\n<title>Lak\u00e1sv\u00e1s\u00e1rl\u00e1s null\u00e1s igazol\u00e1ssal - Szilber Ingatlan Menedzsment<\/title>\n<meta name=\"description\" content=\"Lak\u00e1sv\u00e1s\u00e1rl\u00e1s el\u0151tt a legt\u00f6bben csak a leend\u0151 \u00faj otthonuk param\u00e9tereit \u00e9s annak k\u00f6zvetlen k\u00f6rnyezet\u00e9t m\u00e9rik fel. Sokan elmulasztj\u00e1k k\u00e9rni a null\u00e1s igazol\u00e1st, pedig ennek megl\u00e9te a garancia a k\u00e9s\u0151bbi f\u00e1jdalmas kiad\u00e1sok elker\u00fcl\u00e9s\u00e9re. Mi az a null\u00e1s igazol\u00e1s, \u00e9s mi\u00e9rt fontos, hogy lak\u00e1sv\u00e1s\u00e1rl\u00e1s el\u0151tt \u00d6n is k\u00e9rje? Tudja meg itt.&gt;&gt;&gt; Lak\u00e1sv\u00e1s\u00e1rl\u00e1s null\u00e1s igazol\u00e1ssal vagy an\u00e9lk\u00fcl A [&hellip;]\" \/>\n<meta name=\"robots\" content=\"index, follow, max-snippet:-1, max-image-preview:large, max-video-preview:-1\" \/>\n<link rel=\"canonical\" href=\"https:\/\/tarsashazszakerto.hu\/?p=896\" \/>\n<meta property=\"og:locale\" content=\"hu_HU\" \/>\n<meta property=\"og:type\" content=\"article\" \/>\n<meta property=\"og:title\" content=\"Lak\u00e1sv\u00e1s\u00e1rl\u00e1s null\u00e1s igazol\u00e1ssal - Szilber Ingatlan Menedzsment\" \/>\n<meta property=\"og:description\" content=\"Lak\u00e1sv\u00e1s\u00e1rl\u00e1s el\u0151tt sokan csak a leend\u0151 \u00faj otthonuk param\u00e9tereit m\u00e9rik fel, \u00e9s elmulasztj\u00e1k k\u00e9rni a null\u00e1s igazol\u00e1st. Mi az, \u00e9s mi\u00e9rt fontos?\" \/>\n<meta property=\"og:url\" content=\"https:\/\/tarsashazszakerto.hu\/?p=896\" \/>\n<meta property=\"og:site_name\" content=\"Szilber Ingatlan Menedzsment\" \/>\n<meta property=\"article:published_time\" content=\"2022-05-16T16:14:45+00:00\" \/>\n<meta property=\"article:modified_time\" content=\"2022-06-28T16:27:19+00:00\" \/>\n<meta property=\"og:image\" content=\"https:\/\/tarsashazszakerto.hu\/wp-content\/uploads\/2022\/06\/iStock-1326780245.jpg\" \/>\n\t<meta property=\"og:image:width\" content=\"1254\" \/>\n\t<meta property=\"og:image:height\" content=\"836\" \/>\n\t<meta property=\"og:image:type\" content=\"image\/jpeg\" \/>\n<meta name=\"author\" content=\"Szilber Szilvia\" \/>\n<meta name=\"twitter:card\" content=\"summary_large_image\" \/>\n<meta name=\"twitter:label1\" content=\"Szerz\u0151:\" \/>\n\t<meta name=\"twitter:data1\" content=\"Szilber Szilvia\" \/>\n\t<meta name=\"twitter:label2\" content=\"Becs\u00fclt olvas\u00e1si id\u0151\" \/>\n\t<meta name=\"twitter:data2\" content=\"3 perc\" \/>\n<script type=\"application\/ld+json\" class=\"yoast-schema-graph\">{\"@context\":\"https:\/\/schema.org\",\"@graph\":[{\"@type\":\"Article\",\"@id\":\"https:\/\/tarsashazszakerto.hu\/?p=896#article\",\"isPartOf\":{\"@id\":\"https:\/\/tarsashazszakerto.hu\/?p=896\"},\"author\":{\"name\":\"Szilber Szilvia\",\"@id\":\"https:\/\/tarsashazszakerto.hu\/#\/schema\/person\/2dfd076e58c746caee6f7faa1ebd5377\"},\"headline\":\"Lak\u00e1sv\u00e1s\u00e1rl\u00e1s null\u00e1s igazol\u00e1ssal\",\"datePublished\":\"2022-05-16T16:14:45+00:00\",\"dateModified\":\"2022-06-28T16:27:19+00:00\",\"mainEntityOfPage\":{\"@id\":\"https:\/\/tarsashazszakerto.hu\/?p=896\"},\"wordCount\":656,\"publisher\":{\"@id\":\"https:\/\/tarsashazszakerto.hu\/#organization\"},\"image\":{\"@id\":\"https:\/\/tarsashazszakerto.hu\/?p=896#primaryimage\"},\"thumbnailUrl\":\"https:\/\/tarsashazszakerto.hu\/wp-content\/uploads\/2022\/06\/iStock-1326780245.jpg\",\"keywords\":[\"lak\u00e1sv\u00e1s\u00e1rl\u00e1s\"],\"articleSection\":[\"ingatlanv\u00e1s\u00e1rl\u00e1si buktat\u00f3k\"],\"inLanguage\":\"hu\"},{\"@type\":\"WebPage\",\"@id\":\"https:\/\/tarsashazszakerto.hu\/?p=896\",\"url\":\"https:\/\/tarsashazszakerto.hu\/?p=896\",\"name\":\"Lak\u00e1sv\u00e1s\u00e1rl\u00e1s null\u00e1s igazol\u00e1ssal - Szilber Ingatlan Menedzsment\",\"isPartOf\":{\"@id\":\"https:\/\/tarsashazszakerto.hu\/#website\"},\"primaryImageOfPage\":{\"@id\":\"https:\/\/tarsashazszakerto.hu\/?p=896#primaryimage\"},\"image\":{\"@id\":\"https:\/\/tarsashazszakerto.hu\/?p=896#primaryimage\"},\"thumbnailUrl\":\"https:\/\/tarsashazszakerto.hu\/wp-content\/uploads\/2022\/06\/iStock-1326780245.jpg\",\"datePublished\":\"2022-05-16T16:14:45+00:00\",\"dateModified\":\"2022-06-28T16:27:19+00:00\",\"description\":\"Lak\u00e1sv\u00e1s\u00e1rl\u00e1s el\u0151tt sokan csak a leend\u0151 \u00faj otthonuk param\u00e9tereit m\u00e9rik fel, \u00e9s elmulasztj\u00e1k k\u00e9rni a null\u00e1s igazol\u00e1st. Mi az, \u00e9s mi\u00e9rt fontos?\",\"breadcrumb\":{\"@id\":\"https:\/\/tarsashazszakerto.hu\/?p=896#breadcrumb\"},\"inLanguage\":\"hu\",\"potentialAction\":[{\"@type\":\"ReadAction\",\"target\":[\"https:\/\/tarsashazszakerto.hu\/?p=896\"]}]},{\"@type\":\"ImageObject\",\"inLanguage\":\"hu\",\"@id\":\"https:\/\/tarsashazszakerto.hu\/?p=896#primaryimage\",\"url\":\"https:\/\/tarsashazszakerto.hu\/wp-content\/uploads\/2022\/06\/iStock-1326780245.jpg\",\"contentUrl\":\"https:\/\/tarsashazszakerto.hu\/wp-content\/uploads\/2022\/06\/iStock-1326780245.jpg\",\"width\":1254,\"height\":836,\"caption\":\"lakasvasarlas\"},{\"@type\":\"BreadcrumbList\",\"@id\":\"https:\/\/tarsashazszakerto.hu\/?p=896#breadcrumb\",\"itemListElement\":[{\"@type\":\"ListItem\",\"position\":1,\"name\":\"Kezd\u0151lap\",\"item\":\"https:\/\/tarsashazszakerto.hu\/\"},{\"@type\":\"ListItem\",\"position\":2,\"name\":\"Lak\u00e1sv\u00e1s\u00e1rl\u00e1s null\u00e1s igazol\u00e1ssal\"}]},{\"@type\":\"WebSite\",\"@id\":\"https:\/\/tarsashazszakerto.hu\/#website\",\"url\":\"https:\/\/tarsashazszakerto.hu\/\",\"name\":\"Szilber Ingatlan Menedzsment\",\"description\":\"Lak\u00e1sv\u00e1s\u00e1rl\u00e1s okosan\",\"publisher\":{\"@id\":\"https:\/\/tarsashazszakerto.hu\/#organization\"},\"potentialAction\":[{\"@type\":\"SearchAction\",\"target\":{\"@type\":\"EntryPoint\",\"urlTemplate\":\"https:\/\/tarsashazszakerto.hu\/?s={search_term_string}\"},\"query-input\":{\"@type\":\"PropertyValueSpecification\",\"valueRequired\":true,\"valueName\":\"search_term_string\"}}],\"inLanguage\":\"hu\"},{\"@type\":\"Organization\",\"@id\":\"https:\/\/tarsashazszakerto.hu\/#organization\",\"name\":\"Szilber Ingatlan Menedzsment\",\"url\":\"https:\/\/tarsashazszakerto.hu\/\",\"logo\":{\"@type\":\"ImageObject\",\"inLanguage\":\"hu\",\"@id\":\"https:\/\/tarsashazszakerto.hu\/#\/schema\/logo\/image\/\",\"url\":\"https:\/\/tarsashazszakerto.hu\/wp-content\/uploads\/2021\/07\/cropped-logo_-kis.jpg\",\"contentUrl\":\"https:\/\/tarsashazszakerto.hu\/wp-content\/uploads\/2021\/07\/cropped-logo_-kis.jpg\",\"width\":762,\"height\":202,\"caption\":\"Szilber Ingatlan Menedzsment\"},\"image\":{\"@id\":\"https:\/\/tarsashazszakerto.hu\/#\/schema\/logo\/image\/\"}},{\"@type\":\"Person\",\"@id\":\"https:\/\/tarsashazszakerto.hu\/#\/schema\/person\/2dfd076e58c746caee6f7faa1ebd5377\",\"name\":\"Szilber Szilvia\",\"image\":{\"@type\":\"ImageObject\",\"inLanguage\":\"hu\",\"@id\":\"https:\/\/tarsashazszakerto.hu\/#\/schema\/person\/image\/\",\"url\":\"https:\/\/secure.gravatar.com\/avatar\/9b8623ee8cee8651fa97e667f95280213919fc17d4162de78d5e6803de8cba16?s=96&d=mm&r=g\",\"contentUrl\":\"https:\/\/secure.gravatar.com\/avatar\/9b8623ee8cee8651fa97e667f95280213919fc17d4162de78d5e6803de8cba16?s=96&d=mm&r=g\",\"caption\":\"Szilber Szilvia\"},\"sameAs\":[\"http:\/\/www.tarsashazszakerto.hu\"],\"url\":\"https:\/\/tarsashazszakerto.hu\/?author=2\"}]}<\/script>\n<!-- \/ Yoast SEO plugin. -->","yoast_head_json":{"title":"Lak\u00e1sv\u00e1s\u00e1rl\u00e1s null\u00e1s igazol\u00e1ssal - Szilber Ingatlan Menedzsment","description":"Lak\u00e1sv\u00e1s\u00e1rl\u00e1s el\u0151tt a legt\u00f6bben csak a leend\u0151 \u00faj otthonuk param\u00e9tereit \u00e9s annak k\u00f6zvetlen k\u00f6rnyezet\u00e9t m\u00e9rik fel. Sokan elmulasztj\u00e1k k\u00e9rni a null\u00e1s igazol\u00e1st, pedig ennek megl\u00e9te a garancia a k\u00e9s\u0151bbi f\u00e1jdalmas kiad\u00e1sok elker\u00fcl\u00e9s\u00e9re. Mi az a null\u00e1s igazol\u00e1s, \u00e9s mi\u00e9rt fontos, hogy lak\u00e1sv\u00e1s\u00e1rl\u00e1s el\u0151tt \u00d6n is k\u00e9rje? Tudja meg itt.&gt;&gt;&gt; Lak\u00e1sv\u00e1s\u00e1rl\u00e1s null\u00e1s igazol\u00e1ssal vagy an\u00e9lk\u00fcl A [&hellip;]","robots":{"index":"index","follow":"follow","max-snippet":"max-snippet:-1","max-image-preview":"max-image-preview:large","max-video-preview":"max-video-preview:-1"},"canonical":"https:\/\/tarsashazszakerto.hu\/?p=896","og_locale":"hu_HU","og_type":"article","og_title":"Lak\u00e1sv\u00e1s\u00e1rl\u00e1s null\u00e1s igazol\u00e1ssal - Szilber Ingatlan Menedzsment","og_description":"Lak\u00e1sv\u00e1s\u00e1rl\u00e1s el\u0151tt sokan csak a leend\u0151 \u00faj otthonuk param\u00e9tereit m\u00e9rik fel, \u00e9s elmulasztj\u00e1k k\u00e9rni a null\u00e1s igazol\u00e1st. Mi az, \u00e9s mi\u00e9rt fontos?","og_url":"https:\/\/tarsashazszakerto.hu\/?p=896","og_site_name":"Szilber Ingatlan Menedzsment","article_published_time":"2022-05-16T16:14:45+00:00","article_modified_time":"2022-06-28T16:27:19+00:00","og_image":[{"width":1254,"height":836,"url":"https:\/\/tarsashazszakerto.hu\/wp-content\/uploads\/2022\/06\/iStock-1326780245.jpg","type":"image\/jpeg"}],"author":"Szilber Szilvia","twitter_card":"summary_large_image","twitter_misc":{"Szerz\u0151:":"Szilber Szilvia","Becs\u00fclt olvas\u00e1si id\u0151":"3 perc"},"schema":{"@context":"https:\/\/schema.org","@graph":[{"@type":"Article","@id":"https:\/\/tarsashazszakerto.hu\/?p=896#article","isPartOf":{"@id":"https:\/\/tarsashazszakerto.hu\/?p=896"},"author":{"name":"Szilber Szilvia","@id":"https:\/\/tarsashazszakerto.hu\/#\/schema\/person\/2dfd076e58c746caee6f7faa1ebd5377"},"headline":"Lak\u00e1sv\u00e1s\u00e1rl\u00e1s null\u00e1s igazol\u00e1ssal","datePublished":"2022-05-16T16:14:45+00:00","dateModified":"2022-06-28T16:27:19+00:00","mainEntityOfPage":{"@id":"https:\/\/tarsashazszakerto.hu\/?p=896"},"wordCount":656,"publisher":{"@id":"https:\/\/tarsashazszakerto.hu\/#organization"},"image":{"@id":"https:\/\/tarsashazszakerto.hu\/?p=896#primaryimage"},"thumbnailUrl":"https:\/\/tarsashazszakerto.hu\/wp-content\/uploads\/2022\/06\/iStock-1326780245.jpg","keywords":["lak\u00e1sv\u00e1s\u00e1rl\u00e1s"],"articleSection":["ingatlanv\u00e1s\u00e1rl\u00e1si buktat\u00f3k"],"inLanguage":"hu"},{"@type":"WebPage","@id":"https:\/\/tarsashazszakerto.hu\/?p=896","url":"https:\/\/tarsashazszakerto.hu\/?p=896","name":"Lak\u00e1sv\u00e1s\u00e1rl\u00e1s null\u00e1s igazol\u00e1ssal - Szilber Ingatlan Menedzsment","isPartOf":{"@id":"https:\/\/tarsashazszakerto.hu\/#website"},"primaryImageOfPage":{"@id":"https:\/\/tarsashazszakerto.hu\/?p=896#primaryimage"},"image":{"@id":"https:\/\/tarsashazszakerto.hu\/?p=896#primaryimage"},"thumbnailUrl":"https:\/\/tarsashazszakerto.hu\/wp-content\/uploads\/2022\/06\/iStock-1326780245.jpg","datePublished":"2022-05-16T16:14:45+00:00","dateModified":"2022-06-28T16:27:19+00:00","description":"Lak\u00e1sv\u00e1s\u00e1rl\u00e1s el\u0151tt sokan csak a leend\u0151 \u00faj otthonuk param\u00e9tereit m\u00e9rik fel, \u00e9s elmulasztj\u00e1k k\u00e9rni a null\u00e1s igazol\u00e1st. Mi az, \u00e9s mi\u00e9rt fontos?","breadcrumb":{"@id":"https:\/\/tarsashazszakerto.hu\/?p=896#breadcrumb"},"inLanguage":"hu","potentialAction":[{"@type":"ReadAction","target":["https:\/\/tarsashazszakerto.hu\/?p=896"]}]},{"@type":"ImageObject","inLanguage":"hu","@id":"https:\/\/tarsashazszakerto.hu\/?p=896#primaryimage","url":"https:\/\/tarsashazszakerto.hu\/wp-content\/uploads\/2022\/06\/iStock-1326780245.jpg","contentUrl":"https:\/\/tarsashazszakerto.hu\/wp-content\/uploads\/2022\/06\/iStock-1326780245.jpg","width":1254,"height":836,"caption":"lakasvasarlas"},{"@type":"BreadcrumbList","@id":"https:\/\/tarsashazszakerto.hu\/?p=896#breadcrumb","itemListElement":[{"@type":"ListItem","position":1,"name":"Kezd\u0151lap","item":"https:\/\/tarsashazszakerto.hu\/"},{"@type":"ListItem","position":2,"name":"Lak\u00e1sv\u00e1s\u00e1rl\u00e1s null\u00e1s igazol\u00e1ssal"}]},{"@type":"WebSite","@id":"https:\/\/tarsashazszakerto.hu\/#website","url":"https:\/\/tarsashazszakerto.hu\/","name":"Szilber Ingatlan Menedzsment","description":"Lak\u00e1sv\u00e1s\u00e1rl\u00e1s okosan","publisher":{"@id":"https:\/\/tarsashazszakerto.hu\/#organization"},"potentialAction":[{"@type":"SearchAction","target":{"@type":"EntryPoint","urlTemplate":"https:\/\/tarsashazszakerto.hu\/?s={search_term_string}"},"query-input":{"@type":"PropertyValueSpecification","valueRequired":true,"valueName":"search_term_string"}}],"inLanguage":"hu"},{"@type":"Organization","@id":"https:\/\/tarsashazszakerto.hu\/#organization","name":"Szilber Ingatlan Menedzsment","url":"https:\/\/tarsashazszakerto.hu\/","logo":{"@type":"ImageObject","inLanguage":"hu","@id":"https:\/\/tarsashazszakerto.hu\/#\/schema\/logo\/image\/","url":"https:\/\/tarsashazszakerto.hu\/wp-content\/uploads\/2021\/07\/cropped-logo_-kis.jpg","contentUrl":"https:\/\/tarsashazszakerto.hu\/wp-content\/uploads\/2021\/07\/cropped-logo_-kis.jpg","width":762,"height":202,"caption":"Szilber Ingatlan Menedzsment"},"image":{"@id":"https:\/\/tarsashazszakerto.hu\/#\/schema\/logo\/image\/"}},{"@type":"Person","@id":"https:\/\/tarsashazszakerto.hu\/#\/schema\/person\/2dfd076e58c746caee6f7faa1ebd5377","name":"Szilber Szilvia","image":{"@type":"ImageObject","inLanguage":"hu","@id":"https:\/\/tarsashazszakerto.hu\/#\/schema\/person\/image\/","url":"https:\/\/secure.gravatar.com\/avatar\/9b8623ee8cee8651fa97e667f95280213919fc17d4162de78d5e6803de8cba16?s=96&d=mm&r=g","contentUrl":"https:\/\/secure.gravatar.com\/avatar\/9b8623ee8cee8651fa97e667f95280213919fc17d4162de78d5e6803de8cba16?s=96&d=mm&r=g","caption":"Szilber Szilvia"},"sameAs":["http:\/\/www.tarsashazszakerto.hu"],"url":"https:\/\/tarsashazszakerto.hu\/?author=2"}]}},"_links":{"self":[{"href":"https:\/\/tarsashazszakerto.hu\/index.php?rest_route=\/wp\/v2\/posts\/896","targetHints":{"allow":["GET"]}}],"collection":[{"href":"https:\/\/tarsashazszakerto.hu\/index.php?rest_route=\/wp\/v2\/posts"}],"about":[{"href":"https:\/\/tarsashazszakerto.hu\/index.php?rest_route=\/wp\/v2\/types\/post"}],"author":[{"embeddable":true,"href":"https:\/\/tarsashazszakerto.hu\/index.php?rest_route=\/wp\/v2\/users\/2"}],"replies":[{"embeddable":true,"href":"https:\/\/tarsashazszakerto.hu\/index.php?rest_route=%2Fwp%2Fv2%2Fcomments&post=896"}],"version-history":[{"count":5,"href":"https:\/\/tarsashazszakerto.hu\/index.php?rest_route=\/wp\/v2\/posts\/896\/revisions"}],"predecessor-version":[{"id":908,"href":"https:\/\/tarsashazszakerto.hu\/index.php?rest_route=\/wp\/v2\/posts\/896\/revisions\/908"}],"wp:featuredmedia":[{"embeddable":true,"href":"https:\/\/tarsashazszakerto.hu\/index.php?rest_route=\/wp\/v2\/media\/864"}],"wp:attachment":[{"href":"https:\/\/tarsashazszakerto.hu\/index.php?rest_route=%2Fwp%2Fv2%2Fmedia&parent=896"}],"wp:term":[{"taxonomy":"category","embeddable":true,"href":"https:\/\/tarsashazszakerto.hu\/index.php?rest_route=%2Fwp%2Fv2%2Fcategories&post=896"},{"taxonomy":"post_tag","embeddable":true,"href":"https:\/\/tarsashazszakerto.hu\/index.php?rest_route=%2Fwp%2Fv2%2Ftags&post=896"}],"curies":[{"name":"wp","href":"https:\/\/api.w.org\/{rel}","templated":true}]}}